{"id":906,"date":"2025-09-29T14:43:14","date_gmt":"2025-09-29T20:43:14","guid":{"rendered":"https:\/\/girasolmultimedios.com\/portal\/?p=906"},"modified":"2025-09-29T14:43:15","modified_gmt":"2025-09-29T20:43:15","slug":"presidenta-xiomara-castro-recibira-premio-por-liderazgo-femenino-en-montenegro","status":"publish","type":"post","link":"https:\/\/girasolmultimedios.com\/portal\/presidenta-xiomara-castro-recibira-premio-por-liderazgo-femenino-en-montenegro\/","title":{"rendered":"Presidenta Xiomara Castro recibir\u00e1 premio por liderazgo femenino en Montenegro"},"content":{"rendered":"\n<p>La presidenta de Honduras, <strong>Xiomara Castro<\/strong>, ser\u00e1 reconocida hoy con el <strong>Premio Pioneras en Liderazgo Pol\u00edtico Femenino<\/strong> durante la cumbre <em>Mujeres L\u00edderes Pol\u00edticas 2025<\/em>, que se celebra en Montenegro, una de las rep\u00fablicas de la antigua Yugoslavia.<\/p>\n\n\n\n<p>Castro lleg\u00f3 al pa\u00eds balc\u00e1nico el pasado s\u00e1bado y mantuvo ayer un encuentro bilateral con <strong>Silvana Koch-Mehrin<\/strong>, presidenta y fundadora de <em>Women Political Leaders (WPL)<\/em>. Durante la reuni\u00f3n, Koch-Mehrin destac\u00f3 los avances de la mandataria hondure\u00f1a en \u00e1reas como salud, educaci\u00f3n, sostenibilidad e inclusi\u00f3n social, as\u00ed como su contribuci\u00f3n a la reducci\u00f3n de la pobreza y al fortalecimiento de sociedades m\u00e1s equitativas.<\/p>\n\n\n\n<p>\u201cEstos son los resultados que reconocemos, y por eso estamos honrados de entregarle este premio\u201d, se\u00f1al\u00f3 Koch-Mehrin, quien adem\u00e1s resalt\u00f3 el impacto del liderazgo femenino: \u201cLa Presidenta Xiomara Castro es una verdadera pionera. Lidera no solo la agenda pol\u00edtica, sino que tambi\u00e9n inspira a todas las mujeres. Cuando m\u00e1s mujeres ocupan posiciones de liderazgo, se beneficia toda la sociedad\u201d.<\/p>\n\n\n\n<p>El galard\u00f3n reconoce la destacada labor de la presidenta hondure\u00f1a en la promoci\u00f3n de pol\u00edticas con perspectiva de g\u00e9nero, inclusi\u00f3n y justicia social. Seg\u00fan Koch-Mehrin, el <strong>Premio Pioneras en Liderazgo Pol\u00edtico Femenino<\/strong> se entrega a mujeres que alcanzan la cima y lideran con el ejemplo.<\/p>\n\n\n\n<p>La Casa de Gobierno indic\u00f3 que este encuentro refuerza la importancia del liderazgo femenino en la construcci\u00f3n de sociedades m\u00e1s equitativas y posiciona a Honduras como un referente internacional en empoderamiento pol\u00edtico de la mujer.<\/p>\n","protected":false},"excerpt":{"rendered":"<p>La presidenta de Honduras, Xiomara Castro, ser\u00e1 reconocida hoy con el Premio Pioneras en Liderazgo Pol\u00edtico Femenino durante la cumbre Mujeres L\u00edderes Pol\u00edticas 2025, que se celebra en Montenegro, una de las rep\u00fablicas de la antigua Yugoslavia. Castro lleg\u00f3 al pa\u00eds balc\u00e1nico el pasado s\u00e1bado y mantuvo ayer un encuentro bilateral con Silvana Koch-Mehrin, presidenta [&hellip;]<\/p>\n","protected":false},"author":2,"featured_media":907,"comment_status":"closed","ping_status":"open","sticky":false,"template":"","format":"standard","meta":{"_seopress_robots_primary_cat":"","_seopress_titles_title":"","_seopress_titles_desc":"","_seopress_robots_index":"","footnotes":""},"categories":[23],"tags":[230],"class_list":["post-906","post","type-post","status-publish","format-standard","has-post-thumbnail","hentry","category-nacionales","tag-xiomara-castro"],"_links":{"self":[{"href":"https:\/\/girasolmultimedios.com\/portal\/wp-json\/wp\/v2\/posts\/906","targetHints":{"allow":["GET"]}}],"collection":[{"href":"https:\/\/girasolmultimedios.com\/portal\/wp-json\/wp\/v2\/posts"}],"about":[{"href":"https:\/\/girasolmultimedios.com\/portal\/wp-json\/wp\/v2\/types\/post"}],"author":[{"embeddable":true,"href":"https:\/\/girasolmultimedios.com\/portal\/wp-json\/wp\/v2\/users\/2"}],"replies":[{"embeddable":true,"href":"https:\/\/girasolmultimedios.com\/portal\/wp-json\/wp\/v2\/comments?post=906"}],"version-history":[{"count":1,"href":"https:\/\/girasolmultimedios.com\/portal\/wp-json\/wp\/v2\/posts\/906\/revisions"}],"predecessor-version":[{"id":908,"href":"https:\/\/girasolmultimedios.com\/portal\/wp-json\/wp\/v2\/posts\/906\/revisions\/908"}],"wp:featuredmedia":[{"embeddable":true,"href":"https:\/\/girasolmultimedios.com\/portal\/wp-json\/wp\/v2\/media\/907"}],"wp:attachment":[{"href":"https:\/\/girasolmultimedios.com\/portal\/wp-json\/wp\/v2\/media?parent=906"}],"wp:term":[{"taxonomy":"category","embeddable":true,"href":"https:\/\/girasolmultimedios.com\/portal\/wp-json\/wp\/v2\/categories?post=906"},{"taxonomy":"post_tag","embeddable":true,"href":"https:\/\/girasolmultimedios.com\/portal\/wp-json\/wp\/v2\/tags?post=906"}],"curies":[{"name":"wp","href":"https:\/\/api.w.org\/{rel}","templated":true}]}}