{"id":909,"date":"2025-09-29T14:49:42","date_gmt":"2025-09-29T20:49:42","guid":{"rendered":"https:\/\/girasolmultimedios.com\/portal\/?p=909"},"modified":"2025-09-29T14:49:43","modified_gmt":"2025-09-29T20:49:43","slug":"inauguran-puente-la-union-en-la-comunidad-de-san-antonio-marcala","status":"publish","type":"post","link":"https:\/\/girasolmultimedios.com\/portal\/inauguran-puente-la-union-en-la-comunidad-de-san-antonio-marcala\/","title":{"rendered":"Inauguran puente \u201cLa Uni\u00f3n\u201d en la comunidad de San Antonio, Marcala"},"content":{"rendered":"\n<p><strong>Marcala, La Paz.<\/strong> Con una inversi\u00f3n de 1.5 millones de lempiras por parte de la alcald\u00eda, vecinos y autoridades locales inauguraron el puente <strong>\u201cLa Uni\u00f3n\u201d<\/strong> en la comunidad de San Antonio, una obra que se extiende 20 metros de largo por 8 metros de ancho sobre el r\u00edo Choacapa.<\/p>\n\n\n\n<p>La alcaldesa <strong>Ana Luc\u00eda Castro<\/strong> particip\u00f3 en la ceremonia junto a regidores y resalt\u00f3 la importancia de la obra: \u201cEste puente representa la uni\u00f3n de todos los marcalinos, esperanza y fe de quienes hemos trabajado durante a\u00f1os por el desarrollo de nuestra comunidad\u201d, expres\u00f3.<\/p>\n\n\n\n<p>Castro destac\u00f3 la colaboraci\u00f3n entre los habitantes y la corporaci\u00f3n municipal para hacer realidad el proyecto: \u201cGracias a la determinaci\u00f3n de estas personas y al esfuerzo de todos, hoy vemos materializado este sue\u00f1o\u201d.<\/p>\n\n\n\n<p>Por su parte, <strong>Manuel Rodr\u00edguez<\/strong>, presidente del patronato comunitario, se\u00f1al\u00f3 que la obra cont\u00f3 con aportes combinados de la alcald\u00eda (1.5 millones), corporativos privados (2 millones) y contribuciones de la comunidad, subrayando que \u201ceste puente ser\u00e1 de gran beneficio para todos\u201d.<\/p>\n","protected":false},"excerpt":{"rendered":"<p>Marcala, La Paz. Con una inversi\u00f3n de 1.5 millones de lempiras por parte de la alcald\u00eda, vecinos y autoridades locales inauguraron el puente \u201cLa Uni\u00f3n\u201d en la comunidad de San Antonio, una obra que se extiende 20 metros de largo por 8 metros de ancho sobre el r\u00edo Choacapa. La alcaldesa Ana Luc\u00eda Castro particip\u00f3 [&hellip;]<\/p>\n","protected":false},"author":2,"featured_media":910,"comment_status":"closed","ping_status":"open","sticky":false,"template":"","format":"standard","meta":{"_seopress_robots_primary_cat":"","_seopress_titles_title":"","_seopress_titles_desc":"","_seopress_robots_index":"","footnotes":""},"categories":[23],"tags":[232,231],"class_list":["post-909","post","type-post","status-publish","format-standard","has-post-thumbnail","hentry","category-nacionales","tag-marcala","tag-san-antonio"],"_links":{"self":[{"href":"https:\/\/girasolmultimedios.com\/portal\/wp-json\/wp\/v2\/posts\/909","targetHints":{"allow":["GET"]}}],"collection":[{"href":"https:\/\/girasolmultimedios.com\/portal\/wp-json\/wp\/v2\/posts"}],"about":[{"href":"https:\/\/girasolmultimedios.com\/portal\/wp-json\/wp\/v2\/types\/post"}],"author":[{"embeddable":true,"href":"https:\/\/girasolmultimedios.com\/portal\/wp-json\/wp\/v2\/users\/2"}],"replies":[{"embeddable":true,"href":"https:\/\/girasolmultimedios.com\/portal\/wp-json\/wp\/v2\/comments?post=909"}],"version-history":[{"count":1,"href":"https:\/\/girasolmultimedios.com\/portal\/wp-json\/wp\/v2\/posts\/909\/revisions"}],"predecessor-version":[{"id":911,"href":"https:\/\/girasolmultimedios.com\/portal\/wp-json\/wp\/v2\/posts\/909\/revisions\/911"}],"wp:featuredmedia":[{"embeddable":true,"href":"https:\/\/girasolmultimedios.com\/portal\/wp-json\/wp\/v2\/media\/910"}],"wp:attachment":[{"href":"https:\/\/girasolmultimedios.com\/portal\/wp-json\/wp\/v2\/media?parent=909"}],"wp:term":[{"taxonomy":"category","embeddable":true,"href":"https:\/\/girasolmultimedios.com\/portal\/wp-json\/wp\/v2\/categories?post=909"},{"taxonomy":"post_tag","embeddable":true,"href":"https:\/\/girasolmultimedios.com\/portal\/wp-json\/wp\/v2\/tags?post=909"}],"curies":[{"name":"wp","href":"https:\/\/api.w.org\/{rel}","templated":true}]}}