{"id":922,"date":"2025-09-30T11:05:25","date_gmt":"2025-09-30T17:05:25","guid":{"rendered":"https:\/\/girasolmultimedios.com\/portal\/?p=922"},"modified":"2025-09-30T11:05:25","modified_gmt":"2025-09-30T17:05:25","slug":"mas-de-30-mil-afectados-y-danos-en-servicios-basicos-por-lluvias-en-comayagua","status":"publish","type":"post","link":"https:\/\/girasolmultimedios.com\/portal\/mas-de-30-mil-afectados-y-danos-en-servicios-basicos-por-lluvias-en-comayagua\/","title":{"rendered":"M\u00e1s de 30 mil afectados y da\u00f1os en servicios b\u00e1sicos por lluvias en Comayagua"},"content":{"rendered":"\n<p>Comayagua, Honduras. Las fuertes precipitaciones que se han registrado en la zona central del pa\u00eds han dejado serias afectaciones en los municipios de <strong>Ajuterique, Lejaman\u00ed y el norte de Comayagua<\/strong>, donde al menos <strong>34 mil personas<\/strong> resultaron impactadas, seg\u00fan reportes oficiales.<\/p>\n\n\n\n<p>La saturaci\u00f3n del suelo provoc\u00f3 <strong>deslizamientos de tierra, da\u00f1os en carreteras y afectaciones en el sistema de agua potable<\/strong>, lo que ha obligado a las autoridades locales a trabajar desde tempranas horas en labores de limpieza y rehabilitaci\u00f3n de la red de abastecimiento.<\/p>\n\n\n\n<p>Se estima que en un plazo de <strong>dos d\u00edas<\/strong> podr\u00eda restablecerse el servicio de agua, siempre que las lluvias den una tregua. No obstante, los comit\u00e9s de emergencia advirtieron que, de persistir las precipitaciones, la situaci\u00f3n podr\u00eda agravarse, por lo que ya se analizan <strong>alternativas para garantizar el suministro<\/strong> del vital l\u00edquido a la poblaci\u00f3n.<\/p>\n","protected":false},"excerpt":{"rendered":"<p>Comayagua, Honduras. Las fuertes precipitaciones que se han registrado en la zona central del pa\u00eds han dejado serias afectaciones en los municipios de Ajuterique, Lejaman\u00ed y el norte de Comayagua, donde al menos 34 mil personas resultaron impactadas, seg\u00fan reportes oficiales. La saturaci\u00f3n del suelo provoc\u00f3 deslizamientos de tierra, da\u00f1os en carreteras y afectaciones en [&hellip;]<\/p>\n","protected":false},"author":2,"featured_media":923,"comment_status":"closed","ping_status":"open","sticky":false,"template":"","format":"standard","meta":{"_seopress_robots_primary_cat":"","_seopress_titles_title":"","_seopress_titles_desc":"","_seopress_robots_index":"","footnotes":""},"categories":[23],"tags":[235],"class_list":["post-922","post","type-post","status-publish","format-standard","has-post-thumbnail","hentry","category-nacionales","tag-comayagua"],"_links":{"self":[{"href":"https:\/\/girasolmultimedios.com\/portal\/wp-json\/wp\/v2\/posts\/922","targetHints":{"allow":["GET"]}}],"collection":[{"href":"https:\/\/girasolmultimedios.com\/portal\/wp-json\/wp\/v2\/posts"}],"about":[{"href":"https:\/\/girasolmultimedios.com\/portal\/wp-json\/wp\/v2\/types\/post"}],"author":[{"embeddable":true,"href":"https:\/\/girasolmultimedios.com\/portal\/wp-json\/wp\/v2\/users\/2"}],"replies":[{"embeddable":true,"href":"https:\/\/girasolmultimedios.com\/portal\/wp-json\/wp\/v2\/comments?post=922"}],"version-history":[{"count":1,"href":"https:\/\/girasolmultimedios.com\/portal\/wp-json\/wp\/v2\/posts\/922\/revisions"}],"predecessor-version":[{"id":924,"href":"https:\/\/girasolmultimedios.com\/portal\/wp-json\/wp\/v2\/posts\/922\/revisions\/924"}],"wp:featuredmedia":[{"embeddable":true,"href":"https:\/\/girasolmultimedios.com\/portal\/wp-json\/wp\/v2\/media\/923"}],"wp:attachment":[{"href":"https:\/\/girasolmultimedios.com\/portal\/wp-json\/wp\/v2\/media?parent=922"}],"wp:term":[{"taxonomy":"category","embeddable":true,"href":"https:\/\/girasolmultimedios.com\/portal\/wp-json\/wp\/v2\/categories?post=922"},{"taxonomy":"post_tag","embeddable":true,"href":"https:\/\/girasolmultimedios.com\/portal\/wp-json\/wp\/v2\/tags?post=922"}],"curies":[{"name":"wp","href":"https:\/\/api.w.org\/{rel}","templated":true}]}}