{"id":928,"date":"2025-09-30T14:00:39","date_gmt":"2025-09-30T20:00:39","guid":{"rendered":"https:\/\/girasolmultimedios.com\/portal\/?p=928"},"modified":"2025-09-30T14:00:40","modified_gmt":"2025-09-30T20:00:40","slug":"autoridades-de-copeco-emiten-alerta-amarilla-para-comunidades-cercanas-al-rio-ulua-y-cuatro-departamentos","status":"publish","type":"post","link":"https:\/\/girasolmultimedios.com\/portal\/autoridades-de-copeco-emiten-alerta-amarilla-para-comunidades-cercanas-al-rio-ulua-y-cuatro-departamentos\/","title":{"rendered":"Autoridades de Copeco emiten Alerta Amarilla para comunidades cercanas al r\u00edo Ul\u00faa y cuatro departamentos"},"content":{"rendered":"\n<p>La <strong>Secretar\u00eda de Gesti\u00f3n de Riesgos y Contingencias Nacionales (COPECO)<\/strong> emiti\u00f3 este martes 30 de septiembre de 2025 <strong>Alerta Amarilla<\/strong> para los departamentos de <strong>La Paz, Intibuc\u00e1, Lempira y Ocotepeque<\/strong>, adem\u00e1s de los municipios cercanos al r\u00edo Ul\u00faa: <strong>Pimienta, Villanueva, Potrerillos y San Manuel en Cort\u00e9s; El Progreso, Santa Rita y El Negrito en Yoro; y El Ramal del Tigre en Tela, Atl\u00e1ntida<\/strong>. La disposici\u00f3n tambi\u00e9n abarca el municipio de <strong>Alianza, en Valle<\/strong>.<\/p>\n\n\n\n<p>De forma paralela, la instituci\u00f3n decret\u00f3 <strong>Alerta Verde<\/strong> en los departamentos de <strong>Comayagua, Francisco Moraz\u00e1n, Valle, Choluteca, Cop\u00e1n y Santa B\u00e1rbara<\/strong>, con una vigencia de 24 horas contadas desde el mediod\u00eda del martes.<\/p>\n\n\n\n<p>El <strong>Centro de Estudios Atmosf\u00e9ricos, Oceanogr\u00e1ficos y S\u00edsmicos (CENAOS)<\/strong> detall\u00f3 que una <strong>vaguada en superficie<\/strong> est\u00e1 provocando <strong>cielos nublados y lluvias intermitentes en gran parte del pa\u00eds<\/strong>, con tormentas el\u00e9ctricas y mayores acumulados de agua en las regiones del <strong>suroccidente, centro y sur<\/strong>.<\/p>\n\n\n\n<h3 class=\"wp-block-heading\">Recomendaciones<\/h3>\n\n\n\n<ul class=\"wp-block-list\">\n<li>Mantener vigilancia permanente en \u00e1reas con riesgo de <strong>deslizamientos, derrumbes, hundimientos e inundaciones<\/strong>.<\/li>\n\n\n\n<li>Evitar cruzar <strong>r\u00edos, quebradas y vados crecidos<\/strong>.<\/li>\n\n\n\n<li>Asegurar techos y realizar limpieza de <strong>cunetas, tragantes y desag\u00fces<\/strong> para reducir el peligro de inundaciones urbanas repentinas.<\/li>\n<\/ul>\n\n\n\n<p>COPECO record\u00f3 que la <strong>Alerta Amarilla implica preparaci\u00f3n y respuesta inmediata<\/strong>, mientras que la <strong>Alerta Verde exige mantenerse informados y atentos<\/strong> ante la evoluci\u00f3n de las condiciones clim\u00e1ticas.<\/p>\n","protected":false},"excerpt":{"rendered":"<p>La Secretar\u00eda de Gesti\u00f3n de Riesgos y Contingencias Nacionales (COPECO) emiti\u00f3 este martes 30 de septiembre de 2025 Alerta Amarilla para los departamentos de La Paz, Intibuc\u00e1, Lempira y Ocotepeque, adem\u00e1s de los municipios cercanos al r\u00edo Ul\u00faa: Pimienta, Villanueva, Potrerillos y San Manuel en Cort\u00e9s; El Progreso, Santa Rita y El Negrito en Yoro; [&hellip;]<\/p>\n","protected":false},"author":2,"featured_media":930,"comment_status":"closed","ping_status":"open","sticky":false,"template":"","format":"standard","meta":{"_seopress_robots_primary_cat":"","_seopress_titles_title":"","_seopress_titles_desc":"","_seopress_robots_index":"","footnotes":""},"categories":[32],"tags":[64,95],"class_list":["post-928","post","type-post","status-publish","format-standard","has-post-thumbnail","hentry","category-clima","tag-alerta-amarilla","tag-lluvias"],"_links":{"self":[{"href":"https:\/\/girasolmultimedios.com\/portal\/wp-json\/wp\/v2\/posts\/928","targetHints":{"allow":["GET"]}}],"collection":[{"href":"https:\/\/girasolmultimedios.com\/portal\/wp-json\/wp\/v2\/posts"}],"about":[{"href":"https:\/\/girasolmultimedios.com\/portal\/wp-json\/wp\/v2\/types\/post"}],"author":[{"embeddable":true,"href":"https:\/\/girasolmultimedios.com\/portal\/wp-json\/wp\/v2\/users\/2"}],"replies":[{"embeddable":true,"href":"https:\/\/girasolmultimedios.com\/portal\/wp-json\/wp\/v2\/comments?post=928"}],"version-history":[{"count":1,"href":"https:\/\/girasolmultimedios.com\/portal\/wp-json\/wp\/v2\/posts\/928\/revisions"}],"predecessor-version":[{"id":931,"href":"https:\/\/girasolmultimedios.com\/portal\/wp-json\/wp\/v2\/posts\/928\/revisions\/931"}],"wp:featuredmedia":[{"embeddable":true,"href":"https:\/\/girasolmultimedios.com\/portal\/wp-json\/wp\/v2\/media\/930"}],"wp:attachment":[{"href":"https:\/\/girasolmultimedios.com\/portal\/wp-json\/wp\/v2\/media?parent=928"}],"wp:term":[{"taxonomy":"category","embeddable":true,"href":"https:\/\/girasolmultimedios.com\/portal\/wp-json\/wp\/v2\/categories?post=928"},{"taxonomy":"post_tag","embeddable":true,"href":"https:\/\/girasolmultimedios.com\/portal\/wp-json\/wp\/v2\/tags?post=928"}],"curies":[{"name":"wp","href":"https:\/\/api.w.org\/{rel}","templated":true}]}}