{"id":935,"date":"2025-09-30T14:22:20","date_gmt":"2025-09-30T20:22:20","guid":{"rendered":"https:\/\/girasolmultimedios.com\/portal\/?p=935"},"modified":"2025-09-30T14:22:21","modified_gmt":"2025-09-30T20:22:21","slug":"se-suspende-amnistia-vehicular-por-feriado-morazanico","status":"publish","type":"post","link":"https:\/\/girasolmultimedios.com\/portal\/se-suspende-amnistia-vehicular-por-feriado-morazanico\/","title":{"rendered":"Se suspende amnist\u00eda vehicular por Feriado Moraz\u00e1nico"},"content":{"rendered":"\n<p>El Instituto de la Propiedad (IP) anunci\u00f3 la suspensi\u00f3n temporal de la amnist\u00eda vehicular durante la Semana Moraz\u00e1nica, lo que implica que los pagos de la tasa de matr\u00edcula sin multas no podr\u00e1n realizarse mientras dure el feriado nacional.<\/p>\n\n\n\n<p>El beneficio, vigente para saldar obligaciones del per\u00edodo fiscal 2024 y anteriores, permitir\u00e1 a los propietarios regularizar su situaci\u00f3n sin recargos hasta el lunes 6 de octubre, fecha l\u00edmite para acogerse a esta medida.<\/p>\n\n\n\n<p>De acuerdo con el IP, la interrupci\u00f3n responde al asueto nacional que se desarrolla desde este lunes 29 de septiembre hasta el viernes 3 de octubre, per\u00edodo en el que las oficinas permanecer\u00e1n sin atender pagos.<\/p>\n\n\n\n<p>El instituto precis\u00f3 que el <strong>\u00faltimo d\u00eda h\u00e1bil de la amnist\u00eda ser\u00e1 el 6 de octubre<\/strong>, cuando tambi\u00e9n podr\u00e1n cancelar la matr\u00edcula sin recargos los veh\u00edculos con placas terminadas en 4 y 5.<\/p>\n\n\n\n<p>\u201cA partir del martes 7 de octubre, las multas correspondientes quedar\u00e1n cargadas autom\u00e1ticamente en el sistema\u201d, advirti\u00f3 la instituci\u00f3n en un comunicado, exhortando a los contribuyentes a cumplir oportunamente con sus obligaciones.<\/p>\n\n\n\n<p>Esta medida forma parte de la estrategia gubernamental para incentivar el pago voluntario de impuestos en el sector vehicular, facilitando a los hondure\u00f1os la oportunidad de ponerse al d\u00eda sin enfrentar sanciones acumuladas.<\/p>\n","protected":false},"excerpt":{"rendered":"<p>El Instituto de la Propiedad (IP) anunci\u00f3 la suspensi\u00f3n temporal de la amnist\u00eda vehicular durante la Semana Moraz\u00e1nica, lo que implica que los pagos de la tasa de matr\u00edcula sin multas no podr\u00e1n realizarse mientras dure el feriado nacional. El beneficio, vigente para saldar obligaciones del per\u00edodo fiscal 2024 y anteriores, permitir\u00e1 a los propietarios [&hellip;]<\/p>\n","protected":false},"author":2,"featured_media":936,"comment_status":"closed","ping_status":"open","sticky":false,"template":"","format":"standard","meta":{"_seopress_robots_primary_cat":"","_seopress_titles_title":"","_seopress_titles_desc":"","_seopress_robots_index":"","footnotes":""},"categories":[1],"tags":[],"class_list":["post-935","post","type-post","status-publish","format-standard","has-post-thumbnail","hentry","category-sin-categoria"],"_links":{"self":[{"href":"https:\/\/girasolmultimedios.com\/portal\/wp-json\/wp\/v2\/posts\/935","targetHints":{"allow":["GET"]}}],"collection":[{"href":"https:\/\/girasolmultimedios.com\/portal\/wp-json\/wp\/v2\/posts"}],"about":[{"href":"https:\/\/girasolmultimedios.com\/portal\/wp-json\/wp\/v2\/types\/post"}],"author":[{"embeddable":true,"href":"https:\/\/girasolmultimedios.com\/portal\/wp-json\/wp\/v2\/users\/2"}],"replies":[{"embeddable":true,"href":"https:\/\/girasolmultimedios.com\/portal\/wp-json\/wp\/v2\/comments?post=935"}],"version-history":[{"count":1,"href":"https:\/\/girasolmultimedios.com\/portal\/wp-json\/wp\/v2\/posts\/935\/revisions"}],"predecessor-version":[{"id":937,"href":"https:\/\/girasolmultimedios.com\/portal\/wp-json\/wp\/v2\/posts\/935\/revisions\/937"}],"wp:featuredmedia":[{"embeddable":true,"href":"https:\/\/girasolmultimedios.com\/portal\/wp-json\/wp\/v2\/media\/936"}],"wp:attachment":[{"href":"https:\/\/girasolmultimedios.com\/portal\/wp-json\/wp\/v2\/media?parent=935"}],"wp:term":[{"taxonomy":"category","embeddable":true,"href":"https:\/\/girasolmultimedios.com\/portal\/wp-json\/wp\/v2\/categories?post=935"},{"taxonomy":"post_tag","embeddable":true,"href":"https:\/\/girasolmultimedios.com\/portal\/wp-json\/wp\/v2\/tags?post=935"}],"curies":[{"name":"wp","href":"https:\/\/api.w.org\/{rel}","templated":true}]}}