{"id":947,"date":"2025-10-01T09:25:36","date_gmt":"2025-10-01T15:25:36","guid":{"rendered":"https:\/\/girasolmultimedios.com\/portal\/?p=947"},"modified":"2025-10-01T09:25:37","modified_gmt":"2025-10-01T15:25:37","slug":"hondureno-acusado-de-asesinato-es-extraditado-desde-espana-hacia-honduras","status":"publish","type":"post","link":"https:\/\/girasolmultimedios.com\/portal\/hondureno-acusado-de-asesinato-es-extraditado-desde-espana-hacia-honduras\/","title":{"rendered":"Hondure\u00f1o acusado de asesinato es extraditado desde Espa\u00f1a hacia Honduras"},"content":{"rendered":"\n<p>La Polic\u00eda Nacional de Honduras inform\u00f3 el martes sobre la llegada al pa\u00eds de un ciudadano hondure\u00f1o, extraditado desde el Reino de Espa\u00f1a por el delito de asesinato.<\/p>\n\n\n\n<p>El hombre, de 29 a\u00f1os, lleg\u00f3 al Aeropuerto Internacional de Palmerola, ubicado a 72 kil\u00f3metros al norte de Tegucigalpa, en un vuelo comercial procedente de Madrid, esposado y escoltado por agentes de la Oficina Central Nacional de Interpol Honduras (OCN-Interpol), seg\u00fan un informe de la Polic\u00eda hondure\u00f1a.<\/p>\n\n\n\n<p>El sospechoso, identificada s\u00f3lo como alias El Lovo y originario de El Para\u00edso, enfrentar\u00e1 a la justicia hondure\u00f1a por su\u00a0<strong>supuesta responsabilidad en el asesinato de Mario de Jes\u00fas Euceda Lagos<\/strong>, ocurrido el 12 de mayo de 2019 en la colonia Guill\u00e9n de Tegucigalpa.<\/p>\n\n\n\n<p>El hondure\u00f1o extraditado contaba con una \u00abnotificaci\u00f3n roja\u00bb emitida el 20 de abril de 2020 y con una orden de captura desde el 13 de enero del mismo a\u00f1o, expedida por el Juzgado de Letras Penal de Tegucigalpa.<\/p>\n\n\n\n<h2 class=\"wp-block-heading\">\u00bfCu\u00e1ndo fue detenido alias El Lovo?<\/h2>\n\n\n\n<p>El hondure\u00f1o fue detenido en el Reino de Espa\u00f1a gracias a la cooperaci\u00f3n internacional entre Interpol Honduras y autoridades de Madrid. La extradici\u00f3n se aprob\u00f3 el 29 de agosto de 2025 y finalmente fue entregado el martes a la comitiva hondure\u00f1a.<\/p>\n\n\n\n<p>Seg\u00fan las investigaciones, el d\u00eda del crimen, el acusado y otro hombre -conocido como alias El Chochi- se desplazaban en motocicleta por un barrio de la capital hondure\u00f1a y, al acercarse a la v\u00edctima, alias Lovo le dispar\u00f3 sin mediar palabra, lo que provoc\u00f3 su muerte inmediata.<\/p>\n\n\n\n<h3 class=\"wp-block-heading\">\u00bfCu\u00e1l es la pena que podr\u00eda enfrentar el hondure\u00f1o extraditado de Espa\u00f1a?<\/h3>\n\n\n\n<p>La Polic\u00eda Nacional, al tener conocimiento del caso, despleg\u00f3 un equipo para realizar las diligencias correspondientes y remitir el caso al Ministerio P\u00fablico, tras lo cual fue emitida la orden de captura.<\/p>\n\n\n\n<p>De ser hallado culpable del delito de\u00a0<strong>asesinato<\/strong>, alias El Lovo podr\u00eda enfrentar en Honduras una pena que oscila entre\u00a0<strong>20 y 30 a\u00f1os de prisi\u00f3n<\/strong>, seg\u00fan lo establece el\u00a0<strong>Art\u00edculo 193 del C\u00f3digo Penal vigente<\/strong>. EFE<\/p>\n","protected":false},"excerpt":{"rendered":"<p>La Polic\u00eda Nacional de Honduras inform\u00f3 el martes sobre la llegada al pa\u00eds de un ciudadano hondure\u00f1o, extraditado desde el Reino de Espa\u00f1a por el delito de asesinato. El hombre, de 29 a\u00f1os, lleg\u00f3 al Aeropuerto Internacional de Palmerola, ubicado a 72 kil\u00f3metros al norte de Tegucigalpa, en un vuelo comercial procedente de Madrid, esposado [&hellip;]<\/p>\n","protected":false},"author":2,"featured_media":948,"comment_status":"closed","ping_status":"open","sticky":false,"template":"","format":"standard","meta":{"_seopress_robots_primary_cat":"","_seopress_titles_title":"","_seopress_titles_desc":"","_seopress_robots_index":"","footnotes":""},"categories":[1],"tags":[],"class_list":["post-947","post","type-post","status-publish","format-standard","has-post-thumbnail","hentry","category-sin-categoria"],"_links":{"self":[{"href":"https:\/\/girasolmultimedios.com\/portal\/wp-json\/wp\/v2\/posts\/947","targetHints":{"allow":["GET"]}}],"collection":[{"href":"https:\/\/girasolmultimedios.com\/portal\/wp-json\/wp\/v2\/posts"}],"about":[{"href":"https:\/\/girasolmultimedios.com\/portal\/wp-json\/wp\/v2\/types\/post"}],"author":[{"embeddable":true,"href":"https:\/\/girasolmultimedios.com\/portal\/wp-json\/wp\/v2\/users\/2"}],"replies":[{"embeddable":true,"href":"https:\/\/girasolmultimedios.com\/portal\/wp-json\/wp\/v2\/comments?post=947"}],"version-history":[{"count":1,"href":"https:\/\/girasolmultimedios.com\/portal\/wp-json\/wp\/v2\/posts\/947\/revisions"}],"predecessor-version":[{"id":949,"href":"https:\/\/girasolmultimedios.com\/portal\/wp-json\/wp\/v2\/posts\/947\/revisions\/949"}],"wp:featuredmedia":[{"embeddable":true,"href":"https:\/\/girasolmultimedios.com\/portal\/wp-json\/wp\/v2\/media\/948"}],"wp:attachment":[{"href":"https:\/\/girasolmultimedios.com\/portal\/wp-json\/wp\/v2\/media?parent=947"}],"wp:term":[{"taxonomy":"category","embeddable":true,"href":"https:\/\/girasolmultimedios.com\/portal\/wp-json\/wp\/v2\/categories?post=947"},{"taxonomy":"post_tag","embeddable":true,"href":"https:\/\/girasolmultimedios.com\/portal\/wp-json\/wp\/v2\/tags?post=947"}],"curies":[{"name":"wp","href":"https:\/\/api.w.org\/{rel}","templated":true}]}}