{"id":950,"date":"2025-10-01T09:45:43","date_gmt":"2025-10-01T15:45:43","guid":{"rendered":"https:\/\/girasolmultimedios.com\/portal\/?p=950"},"modified":"2025-10-01T09:45:43","modified_gmt":"2025-10-01T15:45:43","slug":"el-salvador-utiliza-su-sistema-penal-como-arma-para-castigar-a-activistas-denuncia-amnistia-internacional","status":"publish","type":"post","link":"https:\/\/girasolmultimedios.com\/portal\/el-salvador-utiliza-su-sistema-penal-como-arma-para-castigar-a-activistas-denuncia-amnistia-internacional\/","title":{"rendered":"El Salvador utiliza su sistema penal como \u00abarma para castigar\u00bb a activistas, denuncia Amnist\u00eda Internacional"},"content":{"rendered":"\n<p>La organizaci\u00f3n Amnist\u00eda Internacional (AI) denunci\u00f3 el martes en un comunicado que El Salvador ha utilizado su sistema penal \u00abcomo arma para castigar a quienes defienden derechos humanos\u00bb.<\/p>\n\n\n\n<p>Amnist\u00eda Internacional\u00a0(AI) sostuvo que el r\u00e9gimen de excepci\u00f3n prorrogado por m\u00e1s de 40 meses y las reformas al sistema penal \u00abhan desvirtuado el Estado de Derecho en El Salvador\u00bb al consolidar un \u00abaparato represivo que, en lugar de impartir justicia de manera imparcial, se utiliza como un arma para criminalizar a personas defensoras de derechos humanos y para silenciar las voces cr\u00edticas\u00bb.<\/p>\n\n\n\n<p>\u00abEn lugar de impartir justicia imparcialmente, el sistema penal en El Salvador se ha convertido en un arma para castigar la disidencia y sofocar el espacio c\u00edvico. Defender derechos humanos o protestar pac\u00edficamente hoy puede costar la libertad\u201d, se\u00f1al\u00f3 la directora para las Am\u00e9ricas de Amnist\u00eda Internacional, Ana Piquer.<\/p>\n\n\n\n<h2 class=\"wp-block-heading\" id=\"h-uso-de-tipos-penales-ambiguos\">Uso de tipos penales ambiguos<\/h2>\n\n\n\n<p>A juicio de la organizaci\u00f3n, en el pa\u00eds centroamericano se ha consolidado un modelo que \u00abda apariencia de legalidad a la detenci\u00f3n masiva sin pruebas, la suspensi\u00f3n de garant\u00edas judiciales y la imposici\u00f3n de plazos desproporcionados de detenci\u00f3n administrativa\u00bb.<\/p>\n\n\n\n<p>Se\u00f1al\u00f3 que ha documentado \u00abc\u00f3mo las autoridades han hecho uso de tipos penales amplios y ambiguos, como \u2018agrupaciones il\u00edcitas\u2019 u \u2018organizaciones terroristas\u2019, para criminalizar a l\u00edderes comunitarios, sindicalistas y personas defensoras del territorio y el medio ambiente\u00bb.<\/p>\n\n\n\n<p>\u00abPor su parte, organizaciones locales contabilizan m\u00e1s de 70 casos de este tipo en el que las personas han sido v\u00edctimas de detenciones arbitrarias, privadas de su libertad y sometidas a procesos judiciales sin las garant\u00edas propias del Estado de Derecho\u00bb, subray\u00f3.<\/p>\n\n\n\n<p>Record\u00f3 que en julio pasado declar\u00f3 \u00abpersonas prisioneras de conciencia\u00bb a la abogada anticorrupci\u00f3n Ruth L\u00f3pez, al abogado ambientalista Alejandro Henr\u00edquez y al pastor y l\u00edder comunitario Jos\u00e9 \u00c1ngel P\u00e9rez \u00abal determinar que fueron encarceladas exclusivamente por su labor de defensa de derechos humanos y por ejercer pac\u00edficamente su libertad de expresi\u00f3n\u00bb.<\/p>\n\n\n\n<h2 class=\"wp-block-heading\" id=\"h-situacion-alarmante\">Situaci\u00f3n \u00abalarmante\u00bb<\/h2>\n\n\n\n<p>AI tambi\u00e9n indic\u00f3 que la situaci\u00f3n carcelaria en El Salvador \u00abcontin\u00faa siendo alarmante\u00bb, dado que la \u00abincomunicaci\u00f3n prolongada, el hacinamiento extremo, la falta de atenci\u00f3n m\u00e9dica oportuna y el riesgo de tortura caracterizan el r\u00e9gimen penitenciario\u00bb.<\/p>\n\n\n\n<p>Sostuvo que estos riesgos tambi\u00e9n los enfrenta los abogados y cr\u00edticos del Gobierno salvadore\u00f1o detenidos Enrique Anaya y Fidel Zavala.\u202f\u202f\u202f<\/p>\n\n\n\n<p>\u00abLa incomunicaci\u00f3n prolongada y las condiciones inhumanas de detenci\u00f3n son parte de una estrategia deliberada para infundir miedo y quebrar tanto a las personas detenidas como a las comunidades que representan. El impacto es devastador: autocensura, reducci\u00f3n de actividades y un espacio c\u00edvico cada vez m\u00e1s asfixiado\u00bb, agreg\u00f3 Ana Piquer, seg\u00fan la nota.<\/p>\n\n\n\n<p>Amnist\u00eda Internacional exigi\u00f3 a las autoridades salvadore\u00f1as la \u00abliberaci\u00f3n inmediata e incondicional de todas las personas detenidas \u00fanicamente por ejercer pac\u00edficamente sus derechos humanos\u00bb. EFE<\/p>\n","protected":false},"excerpt":{"rendered":"<p>La organizaci\u00f3n Amnist\u00eda Internacional (AI) denunci\u00f3 el martes en un comunicado que El Salvador ha utilizado su sistema penal \u00abcomo arma para castigar a quienes defienden derechos humanos\u00bb. Amnist\u00eda Internacional\u00a0(AI) sostuvo que el r\u00e9gimen de excepci\u00f3n prorrogado por m\u00e1s de 40 meses y las reformas al sistema penal \u00abhan desvirtuado el Estado de Derecho en [&hellip;]<\/p>\n","protected":false},"author":2,"featured_media":951,"comment_status":"closed","ping_status":"open","sticky":false,"template":"","format":"standard","meta":{"_seopress_robots_primary_cat":"","_seopress_titles_title":"","_seopress_titles_desc":"","_seopress_robots_index":"","footnotes":""},"categories":[1],"tags":[],"class_list":["post-950","post","type-post","status-publish","format-standard","has-post-thumbnail","hentry","category-sin-categoria"],"_links":{"self":[{"href":"https:\/\/girasolmultimedios.com\/portal\/wp-json\/wp\/v2\/posts\/950","targetHints":{"allow":["GET"]}}],"collection":[{"href":"https:\/\/girasolmultimedios.com\/portal\/wp-json\/wp\/v2\/posts"}],"about":[{"href":"https:\/\/girasolmultimedios.com\/portal\/wp-json\/wp\/v2\/types\/post"}],"author":[{"embeddable":true,"href":"https:\/\/girasolmultimedios.com\/portal\/wp-json\/wp\/v2\/users\/2"}],"replies":[{"embeddable":true,"href":"https:\/\/girasolmultimedios.com\/portal\/wp-json\/wp\/v2\/comments?post=950"}],"version-history":[{"count":1,"href":"https:\/\/girasolmultimedios.com\/portal\/wp-json\/wp\/v2\/posts\/950\/revisions"}],"predecessor-version":[{"id":953,"href":"https:\/\/girasolmultimedios.com\/portal\/wp-json\/wp\/v2\/posts\/950\/revisions\/953"}],"wp:featuredmedia":[{"embeddable":true,"href":"https:\/\/girasolmultimedios.com\/portal\/wp-json\/wp\/v2\/media\/951"}],"wp:attachment":[{"href":"https:\/\/girasolmultimedios.com\/portal\/wp-json\/wp\/v2\/media?parent=950"}],"wp:term":[{"taxonomy":"category","embeddable":true,"href":"https:\/\/girasolmultimedios.com\/portal\/wp-json\/wp\/v2\/categories?post=950"},{"taxonomy":"post_tag","embeddable":true,"href":"https:\/\/girasolmultimedios.com\/portal\/wp-json\/wp\/v2\/tags?post=950"}],"curies":[{"name":"wp","href":"https:\/\/api.w.org\/{rel}","templated":true}]}}