{"id":956,"date":"2025-10-01T09:52:04","date_gmt":"2025-10-01T15:52:04","guid":{"rendered":"https:\/\/girasolmultimedios.com\/portal\/?p=956"},"modified":"2025-10-01T09:52:04","modified_gmt":"2025-10-01T15:52:04","slug":"cortes-de-energia-programados-por-la-enee-afectaran-varias-zonas-este-1-de-octubre","status":"publish","type":"post","link":"https:\/\/girasolmultimedios.com\/portal\/cortes-de-energia-programados-por-la-enee-afectaran-varias-zonas-este-1-de-octubre\/","title":{"rendered":"Cortes de energ\u00eda programados por la ENEE afectar\u00e1n varias zonas este 1 de octubre"},"content":{"rendered":"\n<p>La Empresa Nacional de Energ\u00eda El\u00e9ctrica (ENEE) inform\u00f3 que este mi\u00e9rcoles 1 de octubre de 2025 se interrumpir\u00e1 el servicio el\u00e9ctrico en el municipio de Brus Laguna, departamento de Gracias a Dios, debido al reemplazo de un poste en mal estado de la red de distribuci\u00f3n troncal.<\/p>\n\n\n\n<p>El corte est\u00e1 programado entre las 8:00 de la ma\u00f1ana y la 1:00 de la tarde, y afectar\u00e1 a los barrios El Centro, Twitanta, Uhry, Kusuapaika, Usupum y Araslaya.<\/p>\n\n\n\n<p>Aunque la estatal anunci\u00f3 que durante la Semana Moraz\u00e1nica no se realizar\u00e1n cortes programados, aclar\u00f3 que s\u00ed se atender\u00e1n emergencias y trabajos urgentes como el programado para este mi\u00e9rcoles.<\/p>\n\n\n\n<p><strong>Recomendaciones de la ENEE<\/strong><br>La instituci\u00f3n pidi\u00f3 a los usuarios tomar medidas preventivas, como:<\/p>\n\n\n\n<ul class=\"wp-block-list\">\n<li>Cargar con anticipaci\u00f3n dispositivos m\u00f3viles y bater\u00edas.<\/li>\n\n\n\n<li>Desconectar electrodom\u00e9sticos sensibles para evitar da\u00f1os al restablecerse la energ\u00eda.<\/li>\n\n\n\n<li>Almacenar agua potable en los hogares que dependen de bombeo el\u00e9ctrico.<\/li>\n\n\n\n<li>Organizar actividades que puedan verse interrumpidas por la suspensi\u00f3n.<\/li>\n<\/ul>\n\n\n\n<p><strong>Canales de atenci\u00f3n<\/strong><br>Cualquier inconveniente adicional podr\u00e1 reportarse a trav\u00e9s de los canales oficiales de atenci\u00f3n al cliente de la ENEE.<\/p>\n","protected":false},"excerpt":{"rendered":"<p>La Empresa Nacional de Energ\u00eda El\u00e9ctrica (ENEE) inform\u00f3 que este mi\u00e9rcoles 1 de octubre de 2025 se interrumpir\u00e1 el servicio el\u00e9ctrico en el municipio de Brus Laguna, departamento de Gracias a Dios, debido al reemplazo de un poste en mal estado de la red de distribuci\u00f3n troncal. El corte est\u00e1 programado entre las 8:00 de [&hellip;]<\/p>\n","protected":false},"author":2,"featured_media":957,"comment_status":"closed","ping_status":"open","sticky":false,"template":"","format":"standard","meta":{"_seopress_robots_primary_cat":"","_seopress_titles_title":"","_seopress_titles_desc":"","_seopress_robots_index":"","footnotes":""},"categories":[1],"tags":[],"class_list":["post-956","post","type-post","status-publish","format-standard","has-post-thumbnail","hentry","category-sin-categoria"],"_links":{"self":[{"href":"https:\/\/girasolmultimedios.com\/portal\/wp-json\/wp\/v2\/posts\/956","targetHints":{"allow":["GET"]}}],"collection":[{"href":"https:\/\/girasolmultimedios.com\/portal\/wp-json\/wp\/v2\/posts"}],"about":[{"href":"https:\/\/girasolmultimedios.com\/portal\/wp-json\/wp\/v2\/types\/post"}],"author":[{"embeddable":true,"href":"https:\/\/girasolmultimedios.com\/portal\/wp-json\/wp\/v2\/users\/2"}],"replies":[{"embeddable":true,"href":"https:\/\/girasolmultimedios.com\/portal\/wp-json\/wp\/v2\/comments?post=956"}],"version-history":[{"count":1,"href":"https:\/\/girasolmultimedios.com\/portal\/wp-json\/wp\/v2\/posts\/956\/revisions"}],"predecessor-version":[{"id":958,"href":"https:\/\/girasolmultimedios.com\/portal\/wp-json\/wp\/v2\/posts\/956\/revisions\/958"}],"wp:featuredmedia":[{"embeddable":true,"href":"https:\/\/girasolmultimedios.com\/portal\/wp-json\/wp\/v2\/media\/957"}],"wp:attachment":[{"href":"https:\/\/girasolmultimedios.com\/portal\/wp-json\/wp\/v2\/media?parent=956"}],"wp:term":[{"taxonomy":"category","embeddable":true,"href":"https:\/\/girasolmultimedios.com\/portal\/wp-json\/wp\/v2\/categories?post=956"},{"taxonomy":"post_tag","embeddable":true,"href":"https:\/\/girasolmultimedios.com\/portal\/wp-json\/wp\/v2\/tags?post=956"}],"curies":[{"name":"wp","href":"https:\/\/api.w.org\/{rel}","templated":true}]}}