{"id":974,"date":"2025-10-01T15:43:49","date_gmt":"2025-10-01T21:43:49","guid":{"rendered":"https:\/\/girasolmultimedios.com\/portal\/?p=974"},"modified":"2025-10-01T15:43:49","modified_gmt":"2025-10-01T21:43:49","slug":"honduras-inicia-cosecha-de-cafe-2025-2026-con-meta-de-exportar-65-millones-de-quintales","status":"publish","type":"post","link":"https:\/\/girasolmultimedios.com\/portal\/honduras-inicia-cosecha-de-cafe-2025-2026-con-meta-de-exportar-65-millones-de-quintales\/","title":{"rendered":"Honduras inicia cosecha de caf\u00e9 2025-2026 con meta de exportar 6,5 millones de quintales"},"content":{"rendered":"\n<p>Honduras prev\u00e9 exportar alrededor de 6,5 millones de quintales de caf\u00e9 (de 46 kilos) durante la cosecha 2025-2026, que comenz\u00f3 este mi\u00e9rcoles, enfrentando el reto de mejorar el acceso al financiamiento y de mitigar los efectos del cambio clim\u00e1tico y las plagas.<\/p>\n\n\n\n<p>El presidente del Instituto Hondure\u00f1o del Caf\u00e9 (Ihcaf\u00e9), Pedro Mendoza, indic\u00f3 a EFE que el volumen de exportaci\u00f3n crecer\u00e1 en unos 400.000 quintales respecto a la cosecha 2024-2025, que finaliz\u00f3 el martes con 6,1 millones de quintales exportados y m\u00e1s de 2.100 millones de d\u00f3lares en divisas.<\/p>\n\n\n\n<p>Mendoza se\u00f1al\u00f3 que los productores conf\u00edan en que los precios internacionales \u2014que en el ciclo anterior promediaron 360 d\u00f3lares por quintal\u2014 se mantengan estables durante la nueva temporada.<\/p>\n\n\n\n<p>\u201cEsa es nuestra esperanza; hasta ahora el precio se ha mantenido. Confiamos en que durante la cosecha se refleje en los ingresos de los caficultores, porque detr\u00e1s de cada quintal hay un trabajo arduo\u201d, expres\u00f3.<\/p>\n\n\n\n<p>El caf\u00e9 contin\u00faa siendo la principal fuente de divisas por exportaciones en Honduras, pa\u00eds que se mantiene como el quinto productor mundial del grano y el primero en Centroam\u00e9rica, y que este mi\u00e9rcoles conmemora el D\u00eda Nacional de la Caficultura.<\/p>\n\n\n\n<p>Enfermedades y cambio clim\u00e1tico<\/p>\n\n\n\n<p>El presidente del Ihcaf\u00e9 advirti\u00f3 que el sector cafetalero enfrenta retos derivados de plagas, enfermedades y los efectos del cambio clim\u00e1tico, factores que no pueden ser controlados por la instituci\u00f3n.<\/p>\n\n\n\n<p>\u201cS\u00ed, hay muchos retos, entre ellos las plagas y enfermedades, como la roya, con la que tenemos que aprender a convivir. No es f\u00e1cil, pero ya hemos comenzado a adaptarnos y a fumigar en tiempo y forma para proteger nuestras fincas\u201d, explic\u00f3.<\/p>\n\n\n\n<p>El vicepresidente del Ihcaf\u00e9, Mario Suazo, subray\u00f3 a EFE que uno de los principales desaf\u00edos de la caficultura hondure\u00f1a es el acceso al cr\u00e9dito.<\/p>\n\n\n\n<p>\u201cLa mayor\u00eda de peque\u00f1os y medianos productores no podemos acceder a programas con tasas o plazos adecuados para fertilizar adecuadamente nuestras fincas o invertir en infraestructura\u201d, indic\u00f3.<\/p>\n\n\n\n<p>Suazo tambi\u00e9n destac\u00f3 los problemas de conectividad. Aunque reconoci\u00f3 avances con recursos del Fondo Cafetero Nacional y proyectos estatales como Caminos Productivos, consider\u00f3 que a\u00fan falta dar el paso hacia \u201csoluciones definitivas\u201d.<\/p>\n\n\n\n<p>\u201cNecesitamos que esos caminos ya no sean de tierra, sino pavimentados, para facilitar la movilizaci\u00f3n y el acceso a los mercados\u201d, afirm\u00f3.<\/p>\n\n\n\n<p>Mercado m\u00e1s justo<\/p>\n\n\n\n<p>El directivo a\u00f1adi\u00f3 que Honduras debe avanzar hacia \u201cun modelo de comercio mucho m\u00e1s justo y sostenible\u201d, que garantice \u00abingresos dignos\u00bb a las familias productoras.<\/p>\n\n\n\n<p>Adem\u00e1s, se\u00f1al\u00f3 que algunos productores, en su mayor\u00eda peque\u00f1os y pobres- tambi\u00e9n enfrentan la escasez de mano de obra, lo que los obliga a contratar cortadores procedentes de Guatemala, El Salvador y Nicaragua.<\/p>\n\n\n\n<p>La caficultura hondure\u00f1a est\u00e1 en manos de 120.000 productores, el 90 % de ellos peque\u00f1os, y genera alrededor de un mill\u00f3n de empleos en los procesos de corte, beneficiado y transporte.<\/p>\n\n\n\n<p>En 2024, Honduras se consolid\u00f3 como el quinto mayor productor de caf\u00e9 del mundo, con una producci\u00f3n estimada en 475.000 toneladas m\u00e9tricas, seg\u00fan estad\u00edsticas internacionales del sector. <\/p>\n\n\n\n<p><strong>Fuente: Agencia EFE<\/strong><\/p>\n","protected":false},"excerpt":{"rendered":"<p>Honduras prev\u00e9 exportar alrededor de 6,5 millones de quintales de caf\u00e9 (de 46 kilos) durante la cosecha 2025-2026, que comenz\u00f3 este mi\u00e9rcoles, enfrentando el reto de mejorar el acceso al financiamiento y de mitigar los efectos del cambio clim\u00e1tico y las plagas. El presidente del Instituto Hondure\u00f1o del Caf\u00e9 (Ihcaf\u00e9), Pedro Mendoza, indic\u00f3 a EFE [&hellip;]<\/p>\n","protected":false},"author":2,"featured_media":975,"comment_status":"closed","ping_status":"open","sticky":false,"template":"","format":"standard","meta":{"_seopress_robots_primary_cat":"","_seopress_titles_title":"","_seopress_titles_desc":"","_seopress_robots_index":"","footnotes":""},"categories":[23],"tags":[250,247,25,249,248],"class_list":["post-974","post","type-post","status-publish","format-standard","has-post-thumbnail","hentry","category-nacionales","tag-ahprocafe","tag-cafe","tag-honduras","tag-ihcafe","tag-pedro-mendoza"],"_links":{"self":[{"href":"https:\/\/girasolmultimedios.com\/portal\/wp-json\/wp\/v2\/posts\/974","targetHints":{"allow":["GET"]}}],"collection":[{"href":"https:\/\/girasolmultimedios.com\/portal\/wp-json\/wp\/v2\/posts"}],"about":[{"href":"https:\/\/girasolmultimedios.com\/portal\/wp-json\/wp\/v2\/types\/post"}],"author":[{"embeddable":true,"href":"https:\/\/girasolmultimedios.com\/portal\/wp-json\/wp\/v2\/users\/2"}],"replies":[{"embeddable":true,"href":"https:\/\/girasolmultimedios.com\/portal\/wp-json\/wp\/v2\/comments?post=974"}],"version-history":[{"count":1,"href":"https:\/\/girasolmultimedios.com\/portal\/wp-json\/wp\/v2\/posts\/974\/revisions"}],"predecessor-version":[{"id":976,"href":"https:\/\/girasolmultimedios.com\/portal\/wp-json\/wp\/v2\/posts\/974\/revisions\/976"}],"wp:featuredmedia":[{"embeddable":true,"href":"https:\/\/girasolmultimedios.com\/portal\/wp-json\/wp\/v2\/media\/975"}],"wp:attachment":[{"href":"https:\/\/girasolmultimedios.com\/portal\/wp-json\/wp\/v2\/media?parent=974"}],"wp:term":[{"taxonomy":"category","embeddable":true,"href":"https:\/\/girasolmultimedios.com\/portal\/wp-json\/wp\/v2\/categories?post=974"},{"taxonomy":"post_tag","embeddable":true,"href":"https:\/\/girasolmultimedios.com\/portal\/wp-json\/wp\/v2\/tags?post=974"}],"curies":[{"name":"wp","href":"https:\/\/api.w.org\/{rel}","templated":true}]}}