{"id":977,"date":"2025-10-01T16:16:11","date_gmt":"2025-10-01T22:16:11","guid":{"rendered":"https:\/\/girasolmultimedios.com\/portal\/?p=977"},"modified":"2025-10-01T16:45:15","modified_gmt":"2025-10-01T22:45:15","slug":"una-persona-sin-vida-y-dos-lesionadas-deja-accidente-en-el-zamorano-valle-de-jamastran-danli","status":"publish","type":"post","link":"https:\/\/girasolmultimedios.com\/portal\/una-persona-sin-vida-y-dos-lesionadas-deja-accidente-en-el-zamorano-valle-de-jamastran-danli\/","title":{"rendered":"Una persona sin vida y dos lesionadas deja accidente en El Zamorano, Valle de Jamastr\u00e1n, Danl\u00ed"},"content":{"rendered":"\n<p>El benem\u00e9rito Cuerpo de Bomberos inform\u00f3 sobre un accidente vehicular, el cual dej\u00f3 dos personas lesionadas y una sin vida.<\/p>\n\n\n\n<p>El incidente ocurri\u00f3 en el Valle de Jamastr\u00e1n, Danl\u00ed, El Para\u00edso, espec\u00edficamente en el sector de El Zamorano, carretera que conduce al municipio de Trojes. <\/p>\n\n\n\n<p>La entidad inform\u00f3 el nombre de la persona fallecida, identificada como Antonio Lagos (edad desconocida); las otras dos personas hasta el momento no han sido identificadas.<\/p>\n\n\n\n<p>Lagos se trasladaba en su motocicleta cuando fue impactado, y muri\u00f3 de forma instant\u00e1nea tras el impacto.<\/p>\n\n\n\n<p>Los afectados, que iban en un veh\u00edculo tipo camioneta, fueron asistidos por los bomberos.<\/p>\n\n\n\n<p>(CG).<\/p>\n\n\n\n<figure class=\"wp-block-video\"><video height=\"394\" style=\"aspect-ratio: 848 \/ 394;\" width=\"848\" controls src=\"https:\/\/girasolmultimedios.com\/portal\/wp-content\/uploads\/FDownloader.net-1429566318128821-480p.mp4\"><\/video><\/figure>\n","protected":false},"excerpt":{"rendered":"<p>El benem\u00e9rito Cuerpo de Bomberos inform\u00f3 sobre un accidente vehicular, el cual dej\u00f3 dos personas lesionadas y una sin vida. El incidente ocurri\u00f3 en el Valle de Jamastr\u00e1n, Danl\u00ed, El Para\u00edso, espec\u00edficamente en el sector de El Zamorano, carretera que conduce al municipio de Trojes. La entidad inform\u00f3 el nombre de la persona fallecida, identificada [&hellip;]<\/p>\n","protected":false},"author":2,"featured_media":979,"comment_status":"closed","ping_status":"open","sticky":false,"template":"","format":"standard","meta":{"_seopress_robots_primary_cat":"","_seopress_titles_title":"","_seopress_titles_desc":"","_seopress_robots_index":"","footnotes":""},"categories":[23],"tags":[251,253,252,131],"class_list":["post-977","post","type-post","status-publish","format-standard","has-post-thumbnail","hentry","category-nacionales","tag-accidente","tag-bomberos-2","tag-bomberos","tag-danli"],"_links":{"self":[{"href":"https:\/\/girasolmultimedios.com\/portal\/wp-json\/wp\/v2\/posts\/977","targetHints":{"allow":["GET"]}}],"collection":[{"href":"https:\/\/girasolmultimedios.com\/portal\/wp-json\/wp\/v2\/posts"}],"about":[{"href":"https:\/\/girasolmultimedios.com\/portal\/wp-json\/wp\/v2\/types\/post"}],"author":[{"embeddable":true,"href":"https:\/\/girasolmultimedios.com\/portal\/wp-json\/wp\/v2\/users\/2"}],"replies":[{"embeddable":true,"href":"https:\/\/girasolmultimedios.com\/portal\/wp-json\/wp\/v2\/comments?post=977"}],"version-history":[{"count":4,"href":"https:\/\/girasolmultimedios.com\/portal\/wp-json\/wp\/v2\/posts\/977\/revisions"}],"predecessor-version":[{"id":989,"href":"https:\/\/girasolmultimedios.com\/portal\/wp-json\/wp\/v2\/posts\/977\/revisions\/989"}],"wp:featuredmedia":[{"embeddable":true,"href":"https:\/\/girasolmultimedios.com\/portal\/wp-json\/wp\/v2\/media\/979"}],"wp:attachment":[{"href":"https:\/\/girasolmultimedios.com\/portal\/wp-json\/wp\/v2\/media?parent=977"}],"wp:term":[{"taxonomy":"category","embeddable":true,"href":"https:\/\/girasolmultimedios.com\/portal\/wp-json\/wp\/v2\/categories?post=977"},{"taxonomy":"post_tag","embeddable":true,"href":"https:\/\/girasolmultimedios.com\/portal\/wp-json\/wp\/v2\/tags?post=977"}],"curies":[{"name":"wp","href":"https:\/\/api.w.org\/{rel}","templated":true}]}}