{"id":993,"date":"2025-10-02T04:05:39","date_gmt":"2025-10-02T10:05:39","guid":{"rendered":"https:\/\/girasolmultimedios.com\/portal\/?p=993"},"modified":"2025-10-02T04:05:40","modified_gmt":"2025-10-02T10:05:40","slug":"una-nueva-caravana-migrante-sale-rumbo-a-ciudad-de-mexico-y-descarta-llegar-a-ee-uu","status":"publish","type":"post","link":"https:\/\/girasolmultimedios.com\/portal\/una-nueva-caravana-migrante-sale-rumbo-a-ciudad-de-mexico-y-descarta-llegar-a-ee-uu\/","title":{"rendered":"Una nueva caravana migrante sale rumbo a Ciudad de M\u00e9xico y descarta llegar a EE.UU."},"content":{"rendered":"\n<p>Una nueva caravana de migrantes parti\u00f3 el mi\u00e9rcoles a pie desde el sur del pa\u00eds con el objetivo de llegar a Ciudad de M\u00e9xico, en medio del endurecimiento de la pol\u00edtica migratoria estadounidense y con la esperanza de dejar atr\u00e1s la precariedad y la incertidumbre en la frontera con Guatemala.<\/p>\n\n\n\n<p>El grupo est\u00e1 integrado por varios cientos de personas originarias de Guatemala, Honduras, Venezuela, Salvador, Hait\u00ed y Cuba, entre otros.<\/p>\n\n\n\n<p>Uno de ellos es Yovani de Jes\u00fas, procedente de Venezuela, quien denunci\u00f3 que salieron en masa de Tapachula, la mayor ciudad mexicana en la frontera sur, porque les est\u00e1n robando por lo que urgi\u00f3 ayuda por parte de las autoridades mexicana con los documentos para poder regularizarse y no permanecer de manera ilegal.<\/p>\n\n\n\n<p>\u201cPero nos est\u00e1n negando los documentos. Siete meses fui a Comar (Comisi\u00f3n Mexicana de Ayuda a los Refugiados). Uno, no me lleg\u00f3 correo. Fui a Comar (de nuevo), lo que me dieron fue unos documentos, que aqu\u00ed los cargo, fue para que solamente emitiera reclamos y a final no me dieron nada\u201d, se\u00f1al\u00f3 a EFE.<\/p>\n\n\n\n<h2 class=\"wp-block-heading\" id=\"h-la-vulnerabilidad-de-la-caravana-migrante-rumbo-a-ciudad-de-mexico\">La vulnerabilidad de la caravana migrante rumbo a Ciudad de M\u00e9xico<\/h2>\n\n\n\n<p>De Jes\u00fas narr\u00f3 que sin los documentos no se puede trabajar en las empresas y talleres ni tampoco obtener seguro social, por lo que son explotados laboralmente.<\/p>\n\n\n\n<p>La irregularidad en la que subsiste esta comunidad incrementa sus condiciones de vulnerabilidad en el pa\u00eds, pues los expone a situaciones de violencia, como asaltos o fraudes, as\u00ed como la precarizaci\u00f3n econ\u00f3mica por los trabajos que realizan o el poco acceso a servicios de salud.<\/p>\n\n\n\n<p>Igualmente, Gladys Castillo, migrante salvadore\u00f1a inform\u00f3 que la idea de poder salir en caravana es que les ayuden para poder regularizarse en M\u00e9xico, porque hay muchas personas que llevan un a\u00f1o en el proceso.<\/p>\n\n\n\n<p>\u201cUn poquito complicado porque cuesta encontrar trabajo y a veces encuentra uno, pero es muy barato. La verdad que, si hay lugares que pagan un poco mejor que Tapachula y se puede organizar para sobrevivir, que nos den los papeles para llegar a la capital para poder trabajar\u201d, advirti\u00f3 Castillo.<\/p>\n\n\n\n<h2 class=\"wp-block-heading\" id=\"h-descartado-ee-uu\">Descartado EE.UU.<\/h2>\n\n\n\n<p>Ciudad de M\u00e9xico se ha convertido en un punto cr\u00edtico para cientos de migrantes, que permanecen varados ante la falta de documentos y entre el miedo y la desconfianza hacia las instituciones, agravando la crisis migratoria.<\/p>\n\n\n\n<p>El llamado \u00abefecto frontera\u00bb, que antes se concentraba en ciudades fronterizas como Tijuana (norte) o Tapachula (sur), se ha instalado en la capital del pa\u00eds, ante las nuevas restricciones migratorias en EE.UU. y desde el regreso del presidente estadounidense, Donald\u00a0Trump, a la Casa Blanca el 20 de enero.<\/p>\n\n\n\n<p>Por \u00faltimo, uno de los migrantes cubanos, Oreste Rodr\u00edguez, quien empujaba un triciclo junto a su familia, relat\u00f3 que ante la falta de regularizaci\u00f3n viven \u00abun infierno\u00bb por lo que tienen que caminar en este contingente a pesar de los peligros.<\/p>\n\n\n\n<p>\u00abLa m\u00e1s numerosa (\u2026) Simplemente (buscamos) un estatus migratorio para poder aportar al pa\u00eds, solamente eso trabajar para sanamente\u201d, indic\u00f3.<\/p>\n\n\n\n<p>La idea de los migrantes es poder tener un estatus legal para poder trabajar en M\u00e9xico, y aseguran haber descartado la opci\u00f3n de llegar a los Estados Unidos.<\/p>\n\n\n\n<p>Fuente\/ EFE.<\/p>\n","protected":false},"excerpt":{"rendered":"<p>Una nueva caravana de migrantes parti\u00f3 el mi\u00e9rcoles a pie desde el sur del pa\u00eds con el objetivo de llegar a Ciudad de M\u00e9xico, en medio del endurecimiento de la pol\u00edtica migratoria estadounidense y con la esperanza de dejar atr\u00e1s la precariedad y la incertidumbre en la frontera con Guatemala. El grupo est\u00e1 integrado por [&hellip;]<\/p>\n","protected":false},"author":2,"featured_media":994,"comment_status":"closed","ping_status":"open","sticky":false,"template":"","format":"standard","meta":{"_seopress_robots_primary_cat":"","_seopress_titles_title":"","_seopress_titles_desc":"","_seopress_robots_index":"","footnotes":""},"categories":[1],"tags":[],"class_list":["post-993","post","type-post","status-publish","format-standard","has-post-thumbnail","hentry","category-sin-categoria"],"_links":{"self":[{"href":"https:\/\/girasolmultimedios.com\/portal\/wp-json\/wp\/v2\/posts\/993","targetHints":{"allow":["GET"]}}],"collection":[{"href":"https:\/\/girasolmultimedios.com\/portal\/wp-json\/wp\/v2\/posts"}],"about":[{"href":"https:\/\/girasolmultimedios.com\/portal\/wp-json\/wp\/v2\/types\/post"}],"author":[{"embeddable":true,"href":"https:\/\/girasolmultimedios.com\/portal\/wp-json\/wp\/v2\/users\/2"}],"replies":[{"embeddable":true,"href":"https:\/\/girasolmultimedios.com\/portal\/wp-json\/wp\/v2\/comments?post=993"}],"version-history":[{"count":1,"href":"https:\/\/girasolmultimedios.com\/portal\/wp-json\/wp\/v2\/posts\/993\/revisions"}],"predecessor-version":[{"id":995,"href":"https:\/\/girasolmultimedios.com\/portal\/wp-json\/wp\/v2\/posts\/993\/revisions\/995"}],"wp:featuredmedia":[{"embeddable":true,"href":"https:\/\/girasolmultimedios.com\/portal\/wp-json\/wp\/v2\/media\/994"}],"wp:attachment":[{"href":"https:\/\/girasolmultimedios.com\/portal\/wp-json\/wp\/v2\/media?parent=993"}],"wp:term":[{"taxonomy":"category","embeddable":true,"href":"https:\/\/girasolmultimedios.com\/portal\/wp-json\/wp\/v2\/categories?post=993"},{"taxonomy":"post_tag","embeddable":true,"href":"https:\/\/girasolmultimedios.com\/portal\/wp-json\/wp\/v2\/tags?post=993"}],"curies":[{"name":"wp","href":"https:\/\/api.w.org\/{rel}","templated":true}]}}