{"id":999,"date":"2025-10-02T04:32:16","date_gmt":"2025-10-02T10:32:16","guid":{"rendered":"https:\/\/girasolmultimedios.com\/portal\/?p=999"},"modified":"2025-10-02T04:33:51","modified_gmt":"2025-10-02T10:33:51","slug":"taxista-cegado-por-los-celos-mata-a-su-bella-novia-en-el-progreso","status":"publish","type":"post","link":"https:\/\/girasolmultimedios.com\/portal\/taxista-cegado-por-los-celos-mata-a-su-bella-novia-en-el-progreso\/","title":{"rendered":"Taxista \u00abcegado por los celos\u00bb mata a su novia en El Progreso"},"content":{"rendered":"\n<p><strong>El Progreso, Yoro<\/strong> &#8211; Una joven identificada como <strong>Lourdes Vanesa Gonz\u00e1lez L\u00f3pez<\/strong>, de 27 a\u00f1os, falleci\u00f3 el pasado martes 30 de septiembre tras haber sido herida de bala en la cabeza dentro de su vivienda, ubicada en la colonia Bendeck de El Progreso.<\/p>\n\n\n\n<p>Seg\u00fan las investigaciones preliminares, el ataque ocurri\u00f3 la noche del s\u00e1bado 27 de septiembre, alrededor de las 10:50 p.m., presuntamente a manos de su pareja sentimental, un hombre que trabaja como taxista, con quien habr\u00eda sostenido una acalorada discusi\u00f3n motivada por celos.<\/p>\n\n\n\n<p>El hecho fue reportado por el hermano de la v\u00edctima, <strong>Jos\u00e9 Madrid<\/strong>, quien indic\u00f3 que Lourdes se encontraba gravemente herida. Fue trasladada en un veh\u00edculo particular al hospital de El Progreso y, debido a la gravedad de su estado, fue remitida a un centro asistencial en <strong>San Pedro Sula, Cort\u00e9s<\/strong>, donde lamentablemente muri\u00f3 la ma\u00f1ana del martes a las 10:40 a.m.<\/p>\n\n\n\n<h3 class=\"wp-block-heading\"><strong>Sospechoso se dio a la fuga<\/strong><\/h3>\n\n\n\n<p>Tras el ataque, el presunto agresor huy\u00f3 del lugar. La <strong>Polic\u00eda Nacional<\/strong> ha iniciado un operativo para dar con su paradero y contin\u00faa con la recolecci\u00f3n de pruebas que permitan esclarecer los hechos.<\/p>\n\n\n\n<p>Vecinos de la colonia Bendeck expresaron profunda consternaci\u00f3n por el crimen, recordando a Lourdes como una joven trabajadora, amable y querida en la comunidad. La v\u00edctima laboraba como cajera en una ferreter\u00eda local.<\/p>\n\n\n\n<h3 class=\"wp-block-heading\"><strong>Violencia contra la mujer en aumento<\/strong><\/h3>\n\n\n\n<p>Este caso se suma a la preocupante cifra de feminicidios en el pa\u00eds. Seg\u00fan datos del <strong>Sistema Estad\u00edstico Policial en L\u00ednea (Sepol)<\/strong>, hasta septiembre de 2025 se registran <strong>al menos 118 muertes violentas de mujeres<\/strong> en Honduras.<\/p>\n\n\n\n<p>Desde 2005, el <strong>Observatorio de Violencia de la Universidad Nacional Aut\u00f3noma de Honduras (OV-UNAH)<\/strong> contabiliza un total de <strong>7,854 feminicidios<\/strong>, siendo los departamentos de <strong>Olancho, Yoro, Francisco Moraz\u00e1n y Cort\u00e9s<\/strong> los m\u00e1s afectados.<\/p>\n\n\n\n<h3 class=\"wp-block-heading\"><strong>Llamado a la ciudadan\u00eda<\/strong><\/h3>\n\n\n\n<p>Las autoridades instan a la poblaci\u00f3n a brindar cualquier informaci\u00f3n que facilite la ubicaci\u00f3n del sospechoso. La familia de Lourdes exige justicia, mientras El Progreso llora la p\u00e9rdida de otra mujer v\u00edctima de la violencia.<\/p>\n","protected":false},"excerpt":{"rendered":"<p>El Progreso, Yoro &#8211; Una joven identificada como Lourdes Vanesa Gonz\u00e1lez L\u00f3pez, de 27 a\u00f1os, falleci\u00f3 el pasado martes 30 de septiembre tras haber sido herida de bala en la cabeza dentro de su vivienda, ubicada en la colonia Bendeck de El Progreso. Seg\u00fan las investigaciones preliminares, el ataque ocurri\u00f3 la noche del s\u00e1bado 27 [&hellip;]<\/p>\n","protected":false},"author":2,"featured_media":1000,"comment_status":"closed","ping_status":"open","sticky":false,"template":"","format":"standard","meta":{"_seopress_robots_primary_cat":"","_seopress_titles_title":"","_seopress_titles_desc":"","_seopress_robots_index":"","footnotes":""},"categories":[1],"tags":[],"class_list":["post-999","post","type-post","status-publish","format-standard","has-post-thumbnail","hentry","category-sin-categoria"],"_links":{"self":[{"href":"https:\/\/girasolmultimedios.com\/portal\/wp-json\/wp\/v2\/posts\/999","targetHints":{"allow":["GET"]}}],"collection":[{"href":"https:\/\/girasolmultimedios.com\/portal\/wp-json\/wp\/v2\/posts"}],"about":[{"href":"https:\/\/girasolmultimedios.com\/portal\/wp-json\/wp\/v2\/types\/post"}],"author":[{"embeddable":true,"href":"https:\/\/girasolmultimedios.com\/portal\/wp-json\/wp\/v2\/users\/2"}],"replies":[{"embeddable":true,"href":"https:\/\/girasolmultimedios.com\/portal\/wp-json\/wp\/v2\/comments?post=999"}],"version-history":[{"count":3,"href":"https:\/\/girasolmultimedios.com\/portal\/wp-json\/wp\/v2\/posts\/999\/revisions"}],"predecessor-version":[{"id":1003,"href":"https:\/\/girasolmultimedios.com\/portal\/wp-json\/wp\/v2\/posts\/999\/revisions\/1003"}],"wp:featuredmedia":[{"embeddable":true,"href":"https:\/\/girasolmultimedios.com\/portal\/wp-json\/wp\/v2\/media\/1000"}],"wp:attachment":[{"href":"https:\/\/girasolmultimedios.com\/portal\/wp-json\/wp\/v2\/media?parent=999"}],"wp:term":[{"taxonomy":"category","embeddable":true,"href":"https:\/\/girasolmultimedios.com\/portal\/wp-json\/wp\/v2\/categories?post=999"},{"taxonomy":"post_tag","embeddable":true,"href":"https:\/\/girasolmultimedios.com\/portal\/wp-json\/wp\/v2\/tags?post=999"}],"curies":[{"name":"wp","href":"https:\/\/api.w.org\/{rel}","templated":true}]}}